{"id":7483,"date":"2026-04-10T20:22:17","date_gmt":"2026-04-10T18:22:17","guid":{"rendered":"http:\/\/shmuel"},"modified":"2026-04-25T15:56:13","modified_gmt":"2026-04-25T13:56:13","slug":"murale-mu-mtl","status":"publish","type":"post","link":"https:\/\/marinepoiraton.com\/en\/murale-mu-mtl\/","title":{"rendered":"Murale MU MTL"},"content":{"rendered":"<p class=\"has-text-align-center\"><br>Design et r\u00e9alisation de la murale : <em>\u00abD\u00e9ambulation Saisonni\u00e8re \u00e0 Montr\u00e9al (un voyage \u00e0 travers ses quartiers) \u00bb<\/em><\/p>\n\n\n\n<p class=\"has-text-align-center\">R\u00e9alisation : Mai 2024<br>Th\u00e9matique : Montr\u00e9al &amp; ses quartiers<br>Client : Ville de Montr\u00e9al \/ MU MTL<\/p>\n\n\n\n<div style=\"height:20px\" aria-hidden=\"true\" class=\"wp-block-spacer\"><\/div>\n\n\n\n<figure class=\"wp-block-image aligncenter size-full\"><img fetchpriority=\"high\" decoding=\"async\" width=\"1500\" height=\"1000\" src=\"https:\/\/marinepoiraton.com\/wp-content\/uploads\/2026\/03\/MU_2024_VILLE-MTL_BRENNAN_Marine-Poiraton_Creditsphoto_OlivierBousquet-5160079.jpg\" alt=\"\" class=\"wp-image-7193\" srcset=\"https:\/\/marinepoiraton.com\/wp-content\/uploads\/2026\/03\/MU_2024_VILLE-MTL_BRENNAN_Marine-Poiraton_Creditsphoto_OlivierBousquet-5160079.jpg 1500w, https:\/\/marinepoiraton.com\/wp-content\/uploads\/2026\/03\/MU_2024_VILLE-MTL_BRENNAN_Marine-Poiraton_Creditsphoto_OlivierBousquet-5160079-300x200.jpg 300w, https:\/\/marinepoiraton.com\/wp-content\/uploads\/2026\/03\/MU_2024_VILLE-MTL_BRENNAN_Marine-Poiraton_Creditsphoto_OlivierBousquet-5160079-1024x683.jpg 1024w, https:\/\/marinepoiraton.com\/wp-content\/uploads\/2026\/03\/MU_2024_VILLE-MTL_BRENNAN_Marine-Poiraton_Creditsphoto_OlivierBousquet-5160079-768x512.jpg 768w, https:\/\/marinepoiraton.com\/wp-content\/uploads\/2026\/03\/MU_2024_VILLE-MTL_BRENNAN_Marine-Poiraton_Creditsphoto_OlivierBousquet-5160079-18x12.jpg 18w\" sizes=\"(max-width: 1500px) 100vw, 1500px\" \/><\/figure>\n\n\n\n<p class=\"has-text-align-center\"><br>Cette murale c\u00e9l\u00e8bre la diversit\u00e9 visuelle et saisonni\u00e8re de Montr\u00e9al, offrant un voyage \u00e0 travers ses quartiers embl\u00e9matiques.\u00a0<\/p>\n\n\n\n<p class=\"has-text-align-center\">En commen\u00e7ant par l\u2019hiver, nous honorons le charme du Mont-Royal et la patinoire du Parc La Fontaine.<\/p>\n\n\n\n<p class=\"has-text-align-center\">Avec l\u2019arriv\u00e9e du printemps, la v\u00e9g\u00e9tation et la floraison \u00e9voquent le renouveau \u00e0 travers le Jardin Botanique, un joyau de la saison qui s\u2019\u00e9panouit avec des fleurs color\u00e9es repr\u00e9sentant la diversit\u00e9<\/p>\n\n\n\n<p class=\"has-text-align-center\">botanique de la ville.<\/p>\n\n\n\n<p class=\"has-text-align-center\">Le pont Jacques-Cartier se profile dans le paysage estival, reliant la ville \u00e0 l\u2019\u00cele Sainte-H\u00e9l\u00e8ne, o\u00f9 tr\u00f4ne la Biosph\u00e8re dans des nuances orang\u00e9es, clin d\u2019\u0153il au c\u00e9l\u00e8bre Orange Julep.<\/p>\n\n\n\n<p class=\"has-text-align-center\">Habitat 67, symbole d\u2019architecture avant-gardiste, offre un contraste urbain en premier plan \u00e0 droite, repr\u00e9sentant le dynamisme de la m\u00e9tropole. Les chemin\u00e9es au premier plan rappellent le c\u0153ur du centre-ville avec ses hauts buildings, en \u00e9cho aux usines le long du Saint-Laurent.<\/p>\n\n\n\n<p class=\"has-text-align-center\">Enfin, des feuillages tourbillonnants signalent l\u2019arriv\u00e9e de l\u2019automne, ajoutant une touche po\u00e9tique \u00e0 cette exploration de Montr\u00e9al.<\/p>\n\n\n\n<p class=\"has-text-align-center\"><br><\/p>\n\n\n\n<figure class=\"wp-block-gallery has-nested-images columns-default is-cropped wp-block-gallery-1 is-layout-flex wp-block-gallery-is-layout-flex\">\n<figure class=\"wp-block-image size-large\"><img decoding=\"async\" data-id=\"7722\" src=\"https:\/\/marinepoiraton.com\/wp-content\/uploads\/2026\/04\/MU_2024_VILLE-MTL_BRENNAN_Marine-Poiraton_Creditsphoto_OlivierBousquet-5080019-768x1024.jpg\" alt=\"\" class=\"wp-image-7722\"\/><\/figure>\n\n\n\n<figure class=\"wp-block-image size-large\"><img decoding=\"async\" data-id=\"7723\" src=\"https:\/\/marinepoiraton.com\/wp-content\/uploads\/2026\/04\/MU_2024_VILLE-MTL_BRENNAN_Marine-Poiraton_Creditsphoto_OlivierBousquet-5080025-768x1024.jpg\" alt=\"\" class=\"wp-image-7723\"\/><\/figure>\n<\/figure>\n\n\n\n<figure class=\"wp-block-image aligncenter size-full\"><img decoding=\"async\" width=\"1500\" height=\"1000\" src=\"https:\/\/marinepoiraton.com\/wp-content\/uploads\/2026\/04\/MU_2024_VILLE-MTL_BRENNAN_Marine-Poiraton_Creditsphoto_OlivierBousquet-5160049.jpg\" alt=\"\" class=\"wp-image-7724\" srcset=\"https:\/\/marinepoiraton.com\/wp-content\/uploads\/2026\/04\/MU_2024_VILLE-MTL_BRENNAN_Marine-Poiraton_Creditsphoto_OlivierBousquet-5160049.jpg 1500w, https:\/\/marinepoiraton.com\/wp-content\/uploads\/2026\/04\/MU_2024_VILLE-MTL_BRENNAN_Marine-Poiraton_Creditsphoto_OlivierBousquet-5160049-300x200.jpg 300w, https:\/\/marinepoiraton.com\/wp-content\/uploads\/2026\/04\/MU_2024_VILLE-MTL_BRENNAN_Marine-Poiraton_Creditsphoto_OlivierBousquet-5160049-1024x683.jpg 1024w, https:\/\/marinepoiraton.com\/wp-content\/uploads\/2026\/04\/MU_2024_VILLE-MTL_BRENNAN_Marine-Poiraton_Creditsphoto_OlivierBousquet-5160049-768x512.jpg 768w, https:\/\/marinepoiraton.com\/wp-content\/uploads\/2026\/04\/MU_2024_VILLE-MTL_BRENNAN_Marine-Poiraton_Creditsphoto_OlivierBousquet-5160049-18x12.jpg 18w\" sizes=\"(max-width: 1500px) 100vw, 1500px\" \/><\/figure>\n\n\n\n<p class=\"has-text-align-center\"><br>Pour accentuer l\u2019aspect dynamique, la lecture des \u00e9l\u00e9ments se fait de gauche \u00e0 droite, comme un balayage visuel g\u00e9ographique de la ville de Montr\u00e9al. Un fil en fond traverse les diff\u00e9rentes sc\u00e8nes,<\/p>\n\n\n\n<p class=\"has-text-align-center\">offrant une d\u00e9ambulation visuelle qui permet aux spectateurs de suivre un chemin pr\u00e9d\u00e9fini ou de se laisser porter par leur propre interpr\u00e9tation.<\/p>\n\n\n\n<p class=\"has-text-align-center\">Cet agencement ludique incite \u00e0 d\u00e9coder et \u00e0 chercher les \u00e9l\u00e9ments rappelant la ville, offrant une exp\u00e9rience interactive et dynamique aux observateurs de cette murale.<\/p>\n\n\n\n<p class=\"has-text-align-center\"><br><\/p>\n\n\n\n<figure class=\"wp-block-gallery has-nested-images columns-default is-cropped wp-block-gallery-2 is-layout-flex wp-block-gallery-is-layout-flex\">\n<figure class=\"wp-block-image size-large\"><img decoding=\"async\" width=\"768\" height=\"1024\" data-id=\"7725\" src=\"https:\/\/marinepoiraton.com\/wp-content\/uploads\/2026\/04\/MU_2024_VILLE-MTL_BRENNAN_Marine-Poiraton_Creditsphoto_OlivierBousquet-5160061-768x1024.jpg\" alt=\"\" class=\"wp-image-7725\" srcset=\"https:\/\/marinepoiraton.com\/wp-content\/uploads\/2026\/04\/MU_2024_VILLE-MTL_BRENNAN_Marine-Poiraton_Creditsphoto_OlivierBousquet-5160061-768x1024.jpg 768w, https:\/\/marinepoiraton.com\/wp-content\/uploads\/2026\/04\/MU_2024_VILLE-MTL_BRENNAN_Marine-Poiraton_Creditsphoto_OlivierBousquet-5160061-225x300.jpg 225w, https:\/\/marinepoiraton.com\/wp-content\/uploads\/2026\/04\/MU_2024_VILLE-MTL_BRENNAN_Marine-Poiraton_Creditsphoto_OlivierBousquet-5160061-9x12.jpg 9w, https:\/\/marinepoiraton.com\/wp-content\/uploads\/2026\/04\/MU_2024_VILLE-MTL_BRENNAN_Marine-Poiraton_Creditsphoto_OlivierBousquet-5160061.jpg 1125w\" sizes=\"(max-width: 768px) 100vw, 768px\" \/><\/figure>\n\n\n\n<figure class=\"wp-block-image size-large\"><img loading=\"lazy\" decoding=\"async\" width=\"768\" height=\"1024\" data-id=\"7726\" src=\"https:\/\/marinepoiraton.com\/wp-content\/uploads\/2026\/04\/MU_2024_VILLE-MTL_BRENNAN_Marine-Poiraton_Creditsphoto_OlivierBousquet-5160064-768x1024.jpg\" alt=\"\" class=\"wp-image-7726\" srcset=\"https:\/\/marinepoiraton.com\/wp-content\/uploads\/2026\/04\/MU_2024_VILLE-MTL_BRENNAN_Marine-Poiraton_Creditsphoto_OlivierBousquet-5160064-768x1024.jpg 768w, https:\/\/marinepoiraton.com\/wp-content\/uploads\/2026\/04\/MU_2024_VILLE-MTL_BRENNAN_Marine-Poiraton_Creditsphoto_OlivierBousquet-5160064-225x300.jpg 225w, https:\/\/marinepoiraton.com\/wp-content\/uploads\/2026\/04\/MU_2024_VILLE-MTL_BRENNAN_Marine-Poiraton_Creditsphoto_OlivierBousquet-5160064-9x12.jpg 9w, https:\/\/marinepoiraton.com\/wp-content\/uploads\/2026\/04\/MU_2024_VILLE-MTL_BRENNAN_Marine-Poiraton_Creditsphoto_OlivierBousquet-5160064.jpg 1125w\" sizes=\"(max-width: 768px) 100vw, 768px\" \/><\/figure>\n<\/figure>\n\n\n\n<figure class=\"wp-block-gallery has-nested-images columns-default is-cropped wp-block-gallery-3 is-layout-flex wp-block-gallery-is-layout-flex\">\n<figure class=\"wp-block-image size-large\"><img loading=\"lazy\" decoding=\"async\" width=\"768\" height=\"1024\" data-id=\"7727\" src=\"https:\/\/marinepoiraton.com\/wp-content\/uploads\/2026\/04\/MU_2024_VILLE-MTL_BRENNAN_Marine-Poiraton_Creditsphoto_OlivierBousquet-5160067-768x1024.jpg\" alt=\"\" class=\"wp-image-7727\" srcset=\"https:\/\/marinepoiraton.com\/wp-content\/uploads\/2026\/04\/MU_2024_VILLE-MTL_BRENNAN_Marine-Poiraton_Creditsphoto_OlivierBousquet-5160067-768x1024.jpg 768w, https:\/\/marinepoiraton.com\/wp-content\/uploads\/2026\/04\/MU_2024_VILLE-MTL_BRENNAN_Marine-Poiraton_Creditsphoto_OlivierBousquet-5160067-225x300.jpg 225w, https:\/\/marinepoiraton.com\/wp-content\/uploads\/2026\/04\/MU_2024_VILLE-MTL_BRENNAN_Marine-Poiraton_Creditsphoto_OlivierBousquet-5160067-9x12.jpg 9w, https:\/\/marinepoiraton.com\/wp-content\/uploads\/2026\/04\/MU_2024_VILLE-MTL_BRENNAN_Marine-Poiraton_Creditsphoto_OlivierBousquet-5160067.jpg 1125w\" sizes=\"(max-width: 768px) 100vw, 768px\" \/><\/figure>\n\n\n\n<figure class=\"wp-block-image size-large\"><img loading=\"lazy\" decoding=\"async\" width=\"768\" height=\"1024\" data-id=\"7728\" src=\"https:\/\/marinepoiraton.com\/wp-content\/uploads\/2026\/04\/MU_2024_VILLE-MTL_BRENNAN_Marine-Poiraton_Creditsphoto_OlivierBousquet-5160072-768x1024.jpg\" alt=\"\" class=\"wp-image-7728\" srcset=\"https:\/\/marinepoiraton.com\/wp-content\/uploads\/2026\/04\/MU_2024_VILLE-MTL_BRENNAN_Marine-Poiraton_Creditsphoto_OlivierBousquet-5160072-768x1024.jpg 768w, https:\/\/marinepoiraton.com\/wp-content\/uploads\/2026\/04\/MU_2024_VILLE-MTL_BRENNAN_Marine-Poiraton_Creditsphoto_OlivierBousquet-5160072-225x300.jpg 225w, https:\/\/marinepoiraton.com\/wp-content\/uploads\/2026\/04\/MU_2024_VILLE-MTL_BRENNAN_Marine-Poiraton_Creditsphoto_OlivierBousquet-5160072-9x12.jpg 9w, https:\/\/marinepoiraton.com\/wp-content\/uploads\/2026\/04\/MU_2024_VILLE-MTL_BRENNAN_Marine-Poiraton_Creditsphoto_OlivierBousquet-5160072.jpg 1125w\" sizes=\"(max-width: 768px) 100vw, 768px\" \/><\/figure>\n<\/figure>\n\n\n\n<p class=\"has-text-align-center\"><br>Merci \u00e0 MU MTL pour leur confiance ainsi que mes assistants pour leur aide pr\u00e9cieuse.<\/p>\n\n\n\n<p><\/p>","protected":false},"excerpt":{"rendered":"<p>\u00ab\u00a0D\u00e9ambulation saisonni\u00e8res\u00a0\u00bb, murale r\u00e9alis\u00e9e dans les nouveaux bureaux administratifs de la Ville de Montr\u00e9al, en collaboration avec MU MTL.<\/p>","protected":false},"author":1,"featured_media":7715,"comment_status":"closed","ping_status":"closed","sticky":false,"template":"","format":"standard","meta":{"footnotes":""},"categories":[13],"tags":[],"class_list":["post-7483","post","type-post","status-publish","format-standard","has-post-thumbnail","hentry","category-projets"],"jetpack_featured_media_url":"https:\/\/marinepoiraton.com\/wp-content\/uploads\/2026\/04\/MU_2024_VILLE-MTL_BRENNAN_Marine-Poiraton_Creditsphoto_OlivierBousquet-5080003-e1777048439259.webp","_links":{"self":[{"href":"https:\/\/marinepoiraton.com\/en\/wp-json\/wp\/v2\/posts\/7483","targetHints":{"allow":["GET"]}}],"collection":[{"href":"https:\/\/marinepoiraton.com\/en\/wp-json\/wp\/v2\/posts"}],"about":[{"href":"https:\/\/marinepoiraton.com\/en\/wp-json\/wp\/v2\/types\/post"}],"author":[{"embeddable":true,"href":"https:\/\/marinepoiraton.com\/en\/wp-json\/wp\/v2\/users\/1"}],"replies":[{"embeddable":true,"href":"https:\/\/marinepoiraton.com\/en\/wp-json\/wp\/v2\/comments?post=7483"}],"version-history":[{"count":15,"href":"https:\/\/marinepoiraton.com\/en\/wp-json\/wp\/v2\/posts\/7483\/revisions"}],"predecessor-version":[{"id":7743,"href":"https:\/\/marinepoiraton.com\/en\/wp-json\/wp\/v2\/posts\/7483\/revisions\/7743"}],"wp:featuredmedia":[{"embeddable":true,"href":"https:\/\/marinepoiraton.com\/en\/wp-json\/wp\/v2\/media\/7715"}],"wp:attachment":[{"href":"https:\/\/marinepoiraton.com\/en\/wp-json\/wp\/v2\/media?parent=7483"}],"wp:term":[{"taxonomy":"category","embeddable":true,"href":"https:\/\/marinepoiraton.com\/en\/wp-json\/wp\/v2\/categories?post=7483"},{"taxonomy":"post_tag","embeddable":true,"href":"https:\/\/marinepoiraton.com\/en\/wp-json\/wp\/v2\/tags?post=7483"}],"curies":[{"name":"wp","href":"https:\/\/api.w.org\/{rel}","templated":true}]}}